{"id":1475,"date":"2020-12-06T13:35:00","date_gmt":"2020-12-06T12:35:00","guid":{"rendered":"https:\/\/www.antoniaguerreropsicologia.com\/?p=1475"},"modified":"2020-12-06T14:18:50","modified_gmt":"2020-12-06T13:18:50","slug":"borrador-automaticocom-ens-afecta-el-covid-a-nivell-psicologic","status":"publish","type":"post","link":"https:\/\/www.antoniaguerreropsicologia.com\/ca\/borrador-automaticocom-ens-afecta-el-covid-a-nivell-psicologic\/","title":{"rendered":"Covid i salut mental"},"content":{"rendered":"<p>El m\u00f3n ha canviat en poc temps i ha passat de ser un lloc segur a ser un lloc insegur, on perilla la nostra salut degut a un enemic invisible que ni tan sols veiem i que en sabem ben poc de com es transmet. Aquest canvi colossal en el m\u00f3n fa que les persones tinguem diverses dificultats per adapatar-nos al present i poguem assimilar el que estem vivint i, el m\u00e9s dif\u00edcil, poguem viure sense que la por ens acompanyi cada dia. La pand\u00e8mia del covid i la por a ser contagiada o tenir la mort tan a prop ara, fa que apareguin moltes malalties psic\u00f2logiques en les persones. Malalties com ansietat, agarof\u00f2bies, f\u00f2bies, depressi\u00f3, trastorn d&#8217;estr\u00e8s post traum\u00e0tic.<\/p>\n\n\n\n<p>Paral\u00b7lelament a aquest augment del malestar de les persones per la por, el confinament ens ha deixat sols i soles, ens ha tret la feina, els amics, la fam\u00edlia i ens han a\u00efllat. El confinament t\u00e9 efectes molts negatius a nivell psicol\u00f2gic, ja que les persones som mam\u00edfers socials que constru\u00efm vincles amb els nostres iguals que ens aporten benestar psicol\u00f2gic i creixement.<\/p>\n\n\n\n<p>A banda de tot aix\u00f2, tamb\u00e9 ens han congelat la voluntat, que \u00e9s el motor de la motivaci\u00f3. No podem decidir si volem anar o venir, si sortim o entrem, no podem decidir, hi ha un estat \u00abpare\u00bb que ens diu el que podem fer i ens prohibeix coses, coses molt b\u00e0siques per a la salut mental de les persones.<\/p>\n\n\n\n<p>Com ens afecta el covid a nivell de salut mental?<\/p>\n\n\n\n<p>Segons la Revista de Psicopatologia i Psicologia Cl\u00ednica (2020), les patologies que han augmentat en la poblaci\u00f3 adulta durant aquesta segona onada s\u00f3n alteracions de l&#8217;estat d&#8217;\u00e0nim, l&#8217;ansietat, l&#8217;augment de les addiccions, l&#8217;alteraci\u00f3 de la son i l&#8217;alimentaci\u00f3, la fatiga pand\u00e8mica, l&#8217;estr\u00e8s post-traum\u00e0tic, els dols patol\u00f2gics, els problemes d&#8217;adaptaci\u00f3, el s\u00edndrome de la cabana, els efectes de les seq\u00fceles psicol\u00f2giques en el deteriorament de la salut f\u00edsica (obesitat, hipertensi\u00f3, disfunci\u00f3 immunol\u00f2gica, malalties cr\u00f2niques,&#8230;). <\/p>\n\n\n\n<p>A nivell individual, si veiem que tenim alguna d&#8217;aquestes alteracions \u00e9s important que busquem ajuda psicol\u00f2gica perqu\u00e8 no es cronifiqui cap d&#8217;aquestes situacions. <\/p>\n\n\n\n<p>Ajuda psicol\u00f2gica no vol dir tractament farmacol\u00f2gic, que \u00e9s la soluci\u00f3 que ens donen des del nostre sistema de salut p\u00fablica actualment. Tot i que hi ha cada vegada m\u00e9s pres\u00e8ncia de psic\u00f2legs en els serveis de salut, aquests professionals nom\u00e9s tenen uns vint minuts per atendre a una persona i en vint minuts, poca feina es pot fer.<\/p>\n\n\n\n<p>A nivell de salut p\u00fablica, hem d&#8217;exigir als nostres governs que incloguin la psicoter\u00e0pia en els serveis p\u00fablics, ja que els tractaments psicol\u00f2gics no s\u00f3n un luxe, sin\u00f3 un servei essencial,  s\u00f3n un dret.<\/p>\n\n\n\n<p><\/p>\n\n\n\n<p><\/p>","protected":false},"excerpt":{"rendered":"<p>El m\u00f3n ha canviat en poc temps i ha passat de ser un lloc segur a ser un lloc insegur, on perilla la nostra salut degut a un enemic invisible que ni tan sols veiem i que en sabem ben poc de com es transmet. Aquest canvi colossal en el m\u00f3n fa que les persones [&hellip;]<\/p>\n","protected":false},"author":3,"featured_media":0,"comment_status":"open","ping_status":"open","sticky":false,"template":"","format":"standard","meta":{"_genesis_hide_title":false,"_genesis_hide_breadcrumbs":false,"_genesis_hide_singular_image":false,"_genesis_hide_footer_widgets":false,"_genesis_custom_body_class":"","_genesis_custom_post_class":"","_genesis_layout":"","footnotes":""},"categories":[36],"tags":[],"class_list":{"0":"post-1475","1":"post","2":"type-post","3":"status-publish","4":"format-standard","6":"category-sense-categoria","7":"entry"},"yoast_head":"<!-- This site is optimized with the Yoast SEO Premium plugin v21.1 (Yoast SEO v27.2) - https:\/\/yoast.com\/product\/yoast-seo-premium-wordpress\/ -->\n<title>Covid i salut mental - Antonia Guerrero<\/title>\n<meta name=\"description\" content=\"covid efectes psicologia\" \/>\n<meta name=\"robots\" content=\"index, follow, max-snippet:-1, max-image-preview:large, max-video-preview:-1\" \/>\n<link rel=\"canonical\" href=\"https:\/\/www.antoniaguerreropsicologia.com\/ca\/borrador-automaticocom-ens-afecta-el-covid-a-nivell-psicologic\/\" \/>\n<meta property=\"og:locale\" content=\"ca_ES\" \/>\n<meta property=\"og:type\" content=\"article\" \/>\n<meta property=\"og:title\" content=\"Covid i salut mental\" \/>\n<meta property=\"og:description\" content=\"covid efectes psicologia\" \/>\n<meta property=\"og:url\" content=\"https:\/\/www.antoniaguerreropsicologia.com\/ca\/borrador-automaticocom-ens-afecta-el-covid-a-nivell-psicologic\/\" \/>\n<meta property=\"og:site_name\" content=\"Antonia Guerrero\" \/>\n<meta property=\"article:published_time\" content=\"2020-12-06T12:35:00+00:00\" \/>\n<meta property=\"article:modified_time\" content=\"2020-12-06T13:18:50+00:00\" \/>\n<meta name=\"author\" content=\"Antonia Guerrero\" \/>\n<meta name=\"twitter:card\" content=\"summary_large_image\" \/>\n<meta name=\"twitter:label1\" content=\"Escrit per\" \/>\n\t<meta name=\"twitter:data1\" content=\"Antonia Guerrero\" \/>\n\t<meta name=\"twitter:label2\" content=\"Temps estimat de lectura\" \/>\n\t<meta name=\"twitter:data2\" content=\"2 minuts\" \/>\n<script type=\"application\/ld+json\" class=\"yoast-schema-graph\">{\"@context\":\"https:\/\/schema.org\",\"@graph\":[{\"@type\":\"Article\",\"@id\":\"https:\/\/www.antoniaguerreropsicologia.com\/borrador-automaticocom-ens-afecta-el-covid-a-nivell-psicologic\/#article\",\"isPartOf\":{\"@id\":\"https:\/\/www.antoniaguerreropsicologia.com\/borrador-automaticocom-ens-afecta-el-covid-a-nivell-psicologic\/\"},\"author\":{\"name\":\"Antonia Guerrero\",\"@id\":\"https:\/\/www.antoniaguerreropsicologia.com\/#\/schema\/person\/5fc64fb31ae35f3fced1bfc13c07d3f7\"},\"headline\":\"Covid i salut mental\",\"datePublished\":\"2020-12-06T12:35:00+00:00\",\"dateModified\":\"2020-12-06T13:18:50+00:00\",\"mainEntityOfPage\":{\"@id\":\"https:\/\/www.antoniaguerreropsicologia.com\/borrador-automaticocom-ens-afecta-el-covid-a-nivell-psicologic\/\"},\"wordCount\":501,\"commentCount\":0,\"publisher\":{\"@id\":\"https:\/\/www.antoniaguerreropsicologia.com\/#\/schema\/person\/5fc64fb31ae35f3fced1bfc13c07d3f7\"},\"inLanguage\":\"ca\",\"potentialAction\":[{\"@type\":\"CommentAction\",\"name\":\"Comment\",\"target\":[\"https:\/\/www.antoniaguerreropsicologia.com\/borrador-automaticocom-ens-afecta-el-covid-a-nivell-psicologic\/#respond\"]}]},{\"@type\":\"WebPage\",\"@id\":\"https:\/\/www.antoniaguerreropsicologia.com\/borrador-automaticocom-ens-afecta-el-covid-a-nivell-psicologic\/\",\"url\":\"https:\/\/www.antoniaguerreropsicologia.com\/borrador-automaticocom-ens-afecta-el-covid-a-nivell-psicologic\/\",\"name\":\"Covid i salut mental - Antonia Guerrero\",\"isPartOf\":{\"@id\":\"https:\/\/www.antoniaguerreropsicologia.com\/#website\"},\"datePublished\":\"2020-12-06T12:35:00+00:00\",\"dateModified\":\"2020-12-06T13:18:50+00:00\",\"description\":\"covid efectes psicologia\",\"breadcrumb\":{\"@id\":\"https:\/\/www.antoniaguerreropsicologia.com\/borrador-automaticocom-ens-afecta-el-covid-a-nivell-psicologic\/#breadcrumb\"},\"inLanguage\":\"ca\",\"potentialAction\":[{\"@type\":\"ReadAction\",\"target\":[\"https:\/\/www.antoniaguerreropsicologia.com\/borrador-automaticocom-ens-afecta-el-covid-a-nivell-psicologic\/\"]}]},{\"@type\":\"BreadcrumbList\",\"@id\":\"https:\/\/www.antoniaguerreropsicologia.com\/borrador-automaticocom-ens-afecta-el-covid-a-nivell-psicologic\/#breadcrumb\",\"itemListElement\":[{\"@type\":\"ListItem\",\"position\":1,\"name\":\"Portada\",\"item\":\"https:\/\/www.antoniaguerreropsicologia.com\/\"},{\"@type\":\"ListItem\",\"position\":2,\"name\":\"Covid i salut mental\"}]},{\"@type\":\"WebSite\",\"@id\":\"https:\/\/www.antoniaguerreropsicologia.com\/#website\",\"url\":\"https:\/\/www.antoniaguerreropsicologia.com\/\",\"name\":\"Antonia Guerrero Psicolog\u00eda\",\"description\":\"Sesiones de Psicologia presencial y online\",\"publisher\":{\"@id\":\"https:\/\/www.antoniaguerreropsicologia.com\/#\/schema\/person\/5fc64fb31ae35f3fced1bfc13c07d3f7\"},\"potentialAction\":[{\"@type\":\"SearchAction\",\"target\":{\"@type\":\"EntryPoint\",\"urlTemplate\":\"https:\/\/www.antoniaguerreropsicologia.com\/?s={search_term_string}\"},\"query-input\":{\"@type\":\"PropertyValueSpecification\",\"valueRequired\":true,\"valueName\":\"search_term_string\"}}],\"inLanguage\":\"ca\"},{\"@type\":[\"Person\",\"Organization\"],\"@id\":\"https:\/\/www.antoniaguerreropsicologia.com\/#\/schema\/person\/5fc64fb31ae35f3fced1bfc13c07d3f7\",\"name\":\"Antonia Guerrero\",\"image\":{\"@type\":\"ImageObject\",\"inLanguage\":\"ca\",\"@id\":\"https:\/\/antoniaguerreropsicologia.com\/wp-content\/uploads\/2020\/05\/antonia3.jpg\",\"url\":\"https:\/\/antoniaguerreropsicologia.com\/wp-content\/uploads\/2020\/05\/antonia3.jpg\",\"contentUrl\":\"https:\/\/antoniaguerreropsicologia.com\/wp-content\/uploads\/2020\/05\/antonia3.jpg\",\"width\":700,\"height\":769,\"caption\":\"Antonia Guerrero\"},\"logo\":{\"@id\":\"https:\/\/antoniaguerreropsicologia.com\/wp-content\/uploads\/2020\/05\/antonia3.jpg\"}}]}<\/script>\n<!-- \/ Yoast SEO Premium plugin. -->","yoast_head_json":{"title":"Covid i salut mental - Antonia Guerrero","description":"covid efectes psicologia","robots":{"index":"index","follow":"follow","max-snippet":"max-snippet:-1","max-image-preview":"max-image-preview:large","max-video-preview":"max-video-preview:-1"},"canonical":"https:\/\/www.antoniaguerreropsicologia.com\/ca\/borrador-automaticocom-ens-afecta-el-covid-a-nivell-psicologic\/","og_locale":"ca_ES","og_type":"article","og_title":"Covid i salut mental","og_description":"covid efectes psicologia","og_url":"https:\/\/www.antoniaguerreropsicologia.com\/ca\/borrador-automaticocom-ens-afecta-el-covid-a-nivell-psicologic\/","og_site_name":"Antonia Guerrero","article_published_time":"2020-12-06T12:35:00+00:00","article_modified_time":"2020-12-06T13:18:50+00:00","author":"Antonia Guerrero","twitter_card":"summary_large_image","twitter_misc":{"Escrit per":"Antonia Guerrero","Temps estimat de lectura":"2 minuts"},"schema":{"@context":"https:\/\/schema.org","@graph":[{"@type":"Article","@id":"https:\/\/www.antoniaguerreropsicologia.com\/borrador-automaticocom-ens-afecta-el-covid-a-nivell-psicologic\/#article","isPartOf":{"@id":"https:\/\/www.antoniaguerreropsicologia.com\/borrador-automaticocom-ens-afecta-el-covid-a-nivell-psicologic\/"},"author":{"name":"Antonia Guerrero","@id":"https:\/\/www.antoniaguerreropsicologia.com\/#\/schema\/person\/5fc64fb31ae35f3fced1bfc13c07d3f7"},"headline":"Covid i salut mental","datePublished":"2020-12-06T12:35:00+00:00","dateModified":"2020-12-06T13:18:50+00:00","mainEntityOfPage":{"@id":"https:\/\/www.antoniaguerreropsicologia.com\/borrador-automaticocom-ens-afecta-el-covid-a-nivell-psicologic\/"},"wordCount":501,"commentCount":0,"publisher":{"@id":"https:\/\/www.antoniaguerreropsicologia.com\/#\/schema\/person\/5fc64fb31ae35f3fced1bfc13c07d3f7"},"inLanguage":"ca","potentialAction":[{"@type":"CommentAction","name":"Comment","target":["https:\/\/www.antoniaguerreropsicologia.com\/borrador-automaticocom-ens-afecta-el-covid-a-nivell-psicologic\/#respond"]}]},{"@type":"WebPage","@id":"https:\/\/www.antoniaguerreropsicologia.com\/borrador-automaticocom-ens-afecta-el-covid-a-nivell-psicologic\/","url":"https:\/\/www.antoniaguerreropsicologia.com\/borrador-automaticocom-ens-afecta-el-covid-a-nivell-psicologic\/","name":"Covid i salut mental - Antonia Guerrero","isPartOf":{"@id":"https:\/\/www.antoniaguerreropsicologia.com\/#website"},"datePublished":"2020-12-06T12:35:00+00:00","dateModified":"2020-12-06T13:18:50+00:00","description":"covid efectes psicologia","breadcrumb":{"@id":"https:\/\/www.antoniaguerreropsicologia.com\/borrador-automaticocom-ens-afecta-el-covid-a-nivell-psicologic\/#breadcrumb"},"inLanguage":"ca","potentialAction":[{"@type":"ReadAction","target":["https:\/\/www.antoniaguerreropsicologia.com\/borrador-automaticocom-ens-afecta-el-covid-a-nivell-psicologic\/"]}]},{"@type":"BreadcrumbList","@id":"https:\/\/www.antoniaguerreropsicologia.com\/borrador-automaticocom-ens-afecta-el-covid-a-nivell-psicologic\/#breadcrumb","itemListElement":[{"@type":"ListItem","position":1,"name":"Portada","item":"https:\/\/www.antoniaguerreropsicologia.com\/"},{"@type":"ListItem","position":2,"name":"Covid i salut mental"}]},{"@type":"WebSite","@id":"https:\/\/www.antoniaguerreropsicologia.com\/#website","url":"https:\/\/www.antoniaguerreropsicologia.com\/","name":"Antonia Guerrero Psicolog\u00eda","description":"Sesiones de Psicologia presencial y online","publisher":{"@id":"https:\/\/www.antoniaguerreropsicologia.com\/#\/schema\/person\/5fc64fb31ae35f3fced1bfc13c07d3f7"},"potentialAction":[{"@type":"SearchAction","target":{"@type":"EntryPoint","urlTemplate":"https:\/\/www.antoniaguerreropsicologia.com\/?s={search_term_string}"},"query-input":{"@type":"PropertyValueSpecification","valueRequired":true,"valueName":"search_term_string"}}],"inLanguage":"ca"},{"@type":["Person","Organization"],"@id":"https:\/\/www.antoniaguerreropsicologia.com\/#\/schema\/person\/5fc64fb31ae35f3fced1bfc13c07d3f7","name":"Ant\u00f2nia Guerrero","image":{"@type":"ImageObject","inLanguage":"ca","@id":"https:\/\/antoniaguerreropsicologia.com\/wp-content\/uploads\/2020\/05\/antonia3.jpg","url":"https:\/\/antoniaguerreropsicologia.com\/wp-content\/uploads\/2020\/05\/antonia3.jpg","contentUrl":"https:\/\/antoniaguerreropsicologia.com\/wp-content\/uploads\/2020\/05\/antonia3.jpg","width":700,"height":769,"caption":"Antonia Guerrero"},"logo":{"@id":"https:\/\/antoniaguerreropsicologia.com\/wp-content\/uploads\/2020\/05\/antonia3.jpg"}}]}},"featured_image_src":null,"featured_image_src_square":null,"author_info":{"display_name":"Antonia Guerrero","author_link":"https:\/\/www.antoniaguerreropsicologia.com\/ca\/author\/antonia\/"},"_links":{"self":[{"href":"https:\/\/www.antoniaguerreropsicologia.com\/ca\/wp-json\/wp\/v2\/posts\/1475","targetHints":{"allow":["GET"]}}],"collection":[{"href":"https:\/\/www.antoniaguerreropsicologia.com\/ca\/wp-json\/wp\/v2\/posts"}],"about":[{"href":"https:\/\/www.antoniaguerreropsicologia.com\/ca\/wp-json\/wp\/v2\/types\/post"}],"author":[{"embeddable":true,"href":"https:\/\/www.antoniaguerreropsicologia.com\/ca\/wp-json\/wp\/v2\/users\/3"}],"replies":[{"embeddable":true,"href":"https:\/\/www.antoniaguerreropsicologia.com\/ca\/wp-json\/wp\/v2\/comments?post=1475"}],"version-history":[{"count":2,"href":"https:\/\/www.antoniaguerreropsicologia.com\/ca\/wp-json\/wp\/v2\/posts\/1475\/revisions"}],"predecessor-version":[{"id":1479,"href":"https:\/\/www.antoniaguerreropsicologia.com\/ca\/wp-json\/wp\/v2\/posts\/1475\/revisions\/1479"}],"wp:attachment":[{"href":"https:\/\/www.antoniaguerreropsicologia.com\/ca\/wp-json\/wp\/v2\/media?parent=1475"}],"wp:term":[{"taxonomy":"category","embeddable":true,"href":"https:\/\/www.antoniaguerreropsicologia.com\/ca\/wp-json\/wp\/v2\/categories?post=1475"},{"taxonomy":"post_tag","embeddable":true,"href":"https:\/\/www.antoniaguerreropsicologia.com\/ca\/wp-json\/wp\/v2\/tags?post=1475"}],"curies":[{"name":"wp","href":"https:\/\/api.w.org\/{rel}","templated":true}]}}