{"id":1477,"date":"2020-12-06T14:14:06","date_gmt":"2020-12-06T13:14:06","guid":{"rendered":"https:\/\/www.antoniaguerreropsicologia.com\/?p=1477"},"modified":"2020-12-06T14:14:09","modified_gmt":"2020-12-06T13:14:09","slug":"borradorcomo-nos-afecta-el-covid-a-nuestra-salud-mental-automatico","status":"publish","type":"post","link":"https:\/\/www.antoniaguerreropsicologia.com\/ca\/borradorcomo-nos-afecta-el-covid-a-nuestra-salud-mental-automatico\/","title":{"rendered":"Covid y salud mental"},"content":{"rendered":"<p>El mundo ha cambiado en poco tiempo y ha pasado de ser un lugar seguro a ser un lugar inseguro, d\u00f3nde peligra nuestra salud debido a un enemigo invisible que ni tan solo vemos y que sabemos poco sobre como se transmite. Este cambio gigantesco en el mundo provoca que las personas tengamos diversas dificultades para adaptarnos al presente y podamos asimilar lo que estamos viviendo y, lo m\u00e1s dif\u00edcil, podamos vivir sin el miedo que nos acompa\u00f1a cada d\u00eda. La pandemia del covid y el miedo a ser contagiado o tener la muerte tan presente, hace que aparezcan muchas enfermedades psicol\u00f3giqcas en las personas. enfermedades como ansiedad, agarofobias, fobias, depresi\u00f3n, trastorno de estr\u00e9s post traum\u00e1tico.<\/p>\n\n\n\n<p>Paralelamente a este aumento del malestar de las personas por el miedo y la incertidumbre, el confinament nos ha dejado solos y solas, nos han quitado el trabajo, los amigos, la familia y nos han aislado. El confinamiento tiene efectos muy negativos a nivel psicol\u00f3gico, ya que las personas somos mam\u00edferos sociales que construimos v\u00ednculos con nuestros iguales que nos aportan bienestar psicol\u00f3gico y crecimiento.<\/p>\n\n\n\n<p>Adem\u00e1s, nos han congelado la voluntad, que es el motor de la motivaci\u00f3n. No podemos decidir si queremos ir o venir, si salimos o entramos, no podemos decidir, hay un estado \u00abpadre\u00bb que decide por nosotros, nos dice lo que podemos hacer y nos prohibe cosas, cosas muy necesarias para la salud mental de las personas.<\/p>\n\n\n\n<p>\u00bfC\u00f3mo nos afecta el covid a nivel de salud mental?<\/p>\n\n\n\n<p>Seg\u00fan la Revista de Psicopatologia y Psicolog\u00eda Cl\u00ednica (2020), las patolog\u00edas que han augmentado en la poblaci\u00f3n adulta durante esta segunda ola son alteraciones del  estado de \u00e1nimo, la ansiedad, el aumento de las addicciones, la alteraci\u00f3n del sue\u00f1o y la alimentaci\u00f3n, la fatiga pand\u00e9mica, el estr\u00e9s post-traum\u00e1tico, los duelos patol\u00f3gicos, los problemas de adaptaci\u00f3n, el s\u00edndrome de la caba\u00f1a, los efectos de las secuelas psicol\u00f3gicas en el deterioramiento de la salud f\u00edsica (obesidad, hipertensi\u00f3n, disfunci\u00f3n inmunol\u00f3gica, enfermedades cr\u00f3nicas,&#8230;). <\/p>\n\n\n\n<p>A nivel individual, si vemos que tenemos algunas de estas alteraciones es importante que busquemos ayuda psicol\u00f3gica para que no se cronifiquen ninguna de estas situaciones. <\/p>\n\n\n\n<p>Ayuda psicol\u00f3gica no significa tratamiento farmacol\u00f3gico, que es la soluci\u00f3n que nos dan desde nuestro sistema de salud p\u00fablica actualmente. A pesar de que cada vez hay m\u00e1s presencia de psic\u00f3logos en los servicios de salud, estos profesionales s\u00f3lo disponen de unos veinte minutos para atender a una persona y en veinte minutos, poco trabajo se puede hacer.<\/p>\n\n\n\n<p>A nivel de salud p\u00fablica, debemos exigir a nuestros gobiernos que incluyan la psicoterapia en los servicios p\u00fablicos, ya que los tratamientos psicol\u00f3gicos no son un lujo, sin\u00f3 un servicio esencial,  son un derecho que tenemos.<\/p>","protected":false},"excerpt":{"rendered":"<p>El mundo ha cambiado en poco tiempo y ha pasado de ser un lugar seguro a ser un lugar inseguro, d\u00f3nde peligra nuestra salud debido a un enemigo invisible que ni tan solo vemos y que sabemos poco sobre como se transmite. Este cambio gigantesco en el mundo provoca que las personas tengamos diversas dificultades [&hellip;]<\/p>\n","protected":false},"author":3,"featured_media":0,"comment_status":"open","ping_status":"open","sticky":false,"template":"","format":"standard","meta":{"_genesis_hide_title":false,"_genesis_hide_breadcrumbs":false,"_genesis_hide_singular_image":false,"_genesis_hide_footer_widgets":false,"_genesis_custom_body_class":"","_genesis_custom_post_class":"","_genesis_layout":"","footnotes":""},"categories":[1],"tags":[],"class_list":{"0":"post-1477","1":"post","2":"type-post","3":"status-publish","4":"format-standard","6":"category-sin-categorizar","7":"entry"},"yoast_head":"<!-- This site is optimized with the Yoast SEO Premium plugin v21.1 (Yoast SEO v27.2) - https:\/\/yoast.com\/product\/yoast-seo-premium-wordpress\/ -->\n<title>Covid y salud mental - Antonia Guerrero<\/title>\n<meta name=\"description\" content=\"como nos afecta el covid a nuestra salud menta\" \/>\n<meta name=\"robots\" content=\"index, follow, max-snippet:-1, max-image-preview:large, max-video-preview:-1\" \/>\n<link rel=\"canonical\" href=\"https:\/\/www.antoniaguerreropsicologia.com\/ca\/borradorcomo-nos-afecta-el-covid-a-nuestra-salud-mental-automatico\/\" \/>\n<meta property=\"og:locale\" content=\"ca_ES\" \/>\n<meta property=\"og:type\" content=\"article\" \/>\n<meta property=\"og:title\" content=\"Covid y salud mental\" \/>\n<meta property=\"og:description\" content=\"como nos afecta el covid a nuestra salud menta\" \/>\n<meta property=\"og:url\" content=\"https:\/\/www.antoniaguerreropsicologia.com\/ca\/borradorcomo-nos-afecta-el-covid-a-nuestra-salud-mental-automatico\/\" \/>\n<meta property=\"og:site_name\" content=\"Antonia Guerrero\" \/>\n<meta property=\"article:published_time\" content=\"2020-12-06T13:14:06+00:00\" \/>\n<meta property=\"article:modified_time\" content=\"2020-12-06T13:14:09+00:00\" \/>\n<meta name=\"author\" content=\"Antonia Guerrero\" \/>\n<meta name=\"twitter:card\" content=\"summary_large_image\" \/>\n<meta name=\"twitter:label1\" content=\"Escrit per\" \/>\n\t<meta name=\"twitter:data1\" content=\"Antonia Guerrero\" \/>\n\t<meta name=\"twitter:label2\" content=\"Temps estimat de lectura\" \/>\n\t<meta name=\"twitter:data2\" content=\"2 minuts\" \/>\n<script type=\"application\/ld+json\" class=\"yoast-schema-graph\">{\"@context\":\"https:\/\/schema.org\",\"@graph\":[{\"@type\":\"Article\",\"@id\":\"https:\/\/www.antoniaguerreropsicologia.com\/borradorcomo-nos-afecta-el-covid-a-nuestra-salud-mental-automatico\/#article\",\"isPartOf\":{\"@id\":\"https:\/\/www.antoniaguerreropsicologia.com\/borradorcomo-nos-afecta-el-covid-a-nuestra-salud-mental-automatico\/\"},\"author\":{\"name\":\"Antonia Guerrero\",\"@id\":\"https:\/\/www.antoniaguerreropsicologia.com\/#\/schema\/person\/5fc64fb31ae35f3fced1bfc13c07d3f7\"},\"headline\":\"Covid y salud mental\",\"datePublished\":\"2020-12-06T13:14:06+00:00\",\"dateModified\":\"2020-12-06T13:14:09+00:00\",\"mainEntityOfPage\":{\"@id\":\"https:\/\/www.antoniaguerreropsicologia.com\/borradorcomo-nos-afecta-el-covid-a-nuestra-salud-mental-automatico\/\"},\"wordCount\":497,\"commentCount\":6,\"publisher\":{\"@id\":\"https:\/\/www.antoniaguerreropsicologia.com\/#\/schema\/person\/5fc64fb31ae35f3fced1bfc13c07d3f7\"},\"articleSection\":[\"Sin categorizar\"],\"inLanguage\":\"ca\",\"potentialAction\":[{\"@type\":\"CommentAction\",\"name\":\"Comment\",\"target\":[\"https:\/\/www.antoniaguerreropsicologia.com\/borradorcomo-nos-afecta-el-covid-a-nuestra-salud-mental-automatico\/#respond\"]}]},{\"@type\":\"WebPage\",\"@id\":\"https:\/\/www.antoniaguerreropsicologia.com\/borradorcomo-nos-afecta-el-covid-a-nuestra-salud-mental-automatico\/\",\"url\":\"https:\/\/www.antoniaguerreropsicologia.com\/borradorcomo-nos-afecta-el-covid-a-nuestra-salud-mental-automatico\/\",\"name\":\"Covid y salud mental - Antonia Guerrero\",\"isPartOf\":{\"@id\":\"https:\/\/www.antoniaguerreropsicologia.com\/#website\"},\"datePublished\":\"2020-12-06T13:14:06+00:00\",\"dateModified\":\"2020-12-06T13:14:09+00:00\",\"description\":\"como nos afecta el covid a nuestra salud menta\",\"breadcrumb\":{\"@id\":\"https:\/\/www.antoniaguerreropsicologia.com\/borradorcomo-nos-afecta-el-covid-a-nuestra-salud-mental-automatico\/#breadcrumb\"},\"inLanguage\":\"ca\",\"potentialAction\":[{\"@type\":\"ReadAction\",\"target\":[\"https:\/\/www.antoniaguerreropsicologia.com\/borradorcomo-nos-afecta-el-covid-a-nuestra-salud-mental-automatico\/\"]}]},{\"@type\":\"BreadcrumbList\",\"@id\":\"https:\/\/www.antoniaguerreropsicologia.com\/borradorcomo-nos-afecta-el-covid-a-nuestra-salud-mental-automatico\/#breadcrumb\",\"itemListElement\":[{\"@type\":\"ListItem\",\"position\":1,\"name\":\"Portada\",\"item\":\"https:\/\/www.antoniaguerreropsicologia.com\/\"},{\"@type\":\"ListItem\",\"position\":2,\"name\":\"Covid y salud mental\"}]},{\"@type\":\"WebSite\",\"@id\":\"https:\/\/www.antoniaguerreropsicologia.com\/#website\",\"url\":\"https:\/\/www.antoniaguerreropsicologia.com\/\",\"name\":\"Antonia Guerrero Psicolog\u00eda\",\"description\":\"Sesiones de Psicologia presencial y online\",\"publisher\":{\"@id\":\"https:\/\/www.antoniaguerreropsicologia.com\/#\/schema\/person\/5fc64fb31ae35f3fced1bfc13c07d3f7\"},\"potentialAction\":[{\"@type\":\"SearchAction\",\"target\":{\"@type\":\"EntryPoint\",\"urlTemplate\":\"https:\/\/www.antoniaguerreropsicologia.com\/?s={search_term_string}\"},\"query-input\":{\"@type\":\"PropertyValueSpecification\",\"valueRequired\":true,\"valueName\":\"search_term_string\"}}],\"inLanguage\":\"ca\"},{\"@type\":[\"Person\",\"Organization\"],\"@id\":\"https:\/\/www.antoniaguerreropsicologia.com\/#\/schema\/person\/5fc64fb31ae35f3fced1bfc13c07d3f7\",\"name\":\"Antonia Guerrero\",\"image\":{\"@type\":\"ImageObject\",\"inLanguage\":\"ca\",\"@id\":\"https:\/\/antoniaguerreropsicologia.com\/wp-content\/uploads\/2020\/05\/antonia3.jpg\",\"url\":\"https:\/\/antoniaguerreropsicologia.com\/wp-content\/uploads\/2020\/05\/antonia3.jpg\",\"contentUrl\":\"https:\/\/antoniaguerreropsicologia.com\/wp-content\/uploads\/2020\/05\/antonia3.jpg\",\"width\":700,\"height\":769,\"caption\":\"Antonia Guerrero\"},\"logo\":{\"@id\":\"https:\/\/antoniaguerreropsicologia.com\/wp-content\/uploads\/2020\/05\/antonia3.jpg\"}}]}<\/script>\n<!-- \/ Yoast SEO Premium plugin. -->","yoast_head_json":{"title":"Covid y salud mental - Antonia Guerrero","description":"como nos afecta el covid a nuestra salud menta","robots":{"index":"index","follow":"follow","max-snippet":"max-snippet:-1","max-image-preview":"max-image-preview:large","max-video-preview":"max-video-preview:-1"},"canonical":"https:\/\/www.antoniaguerreropsicologia.com\/ca\/borradorcomo-nos-afecta-el-covid-a-nuestra-salud-mental-automatico\/","og_locale":"ca_ES","og_type":"article","og_title":"Covid y salud mental","og_description":"como nos afecta el covid a nuestra salud menta","og_url":"https:\/\/www.antoniaguerreropsicologia.com\/ca\/borradorcomo-nos-afecta-el-covid-a-nuestra-salud-mental-automatico\/","og_site_name":"Antonia Guerrero","article_published_time":"2020-12-06T13:14:06+00:00","article_modified_time":"2020-12-06T13:14:09+00:00","author":"Antonia Guerrero","twitter_card":"summary_large_image","twitter_misc":{"Escrit per":"Antonia Guerrero","Temps estimat de lectura":"2 minuts"},"schema":{"@context":"https:\/\/schema.org","@graph":[{"@type":"Article","@id":"https:\/\/www.antoniaguerreropsicologia.com\/borradorcomo-nos-afecta-el-covid-a-nuestra-salud-mental-automatico\/#article","isPartOf":{"@id":"https:\/\/www.antoniaguerreropsicologia.com\/borradorcomo-nos-afecta-el-covid-a-nuestra-salud-mental-automatico\/"},"author":{"name":"Antonia Guerrero","@id":"https:\/\/www.antoniaguerreropsicologia.com\/#\/schema\/person\/5fc64fb31ae35f3fced1bfc13c07d3f7"},"headline":"Covid y salud mental","datePublished":"2020-12-06T13:14:06+00:00","dateModified":"2020-12-06T13:14:09+00:00","mainEntityOfPage":{"@id":"https:\/\/www.antoniaguerreropsicologia.com\/borradorcomo-nos-afecta-el-covid-a-nuestra-salud-mental-automatico\/"},"wordCount":497,"commentCount":6,"publisher":{"@id":"https:\/\/www.antoniaguerreropsicologia.com\/#\/schema\/person\/5fc64fb31ae35f3fced1bfc13c07d3f7"},"articleSection":["Sin categorizar"],"inLanguage":"ca","potentialAction":[{"@type":"CommentAction","name":"Comment","target":["https:\/\/www.antoniaguerreropsicologia.com\/borradorcomo-nos-afecta-el-covid-a-nuestra-salud-mental-automatico\/#respond"]}]},{"@type":"WebPage","@id":"https:\/\/www.antoniaguerreropsicologia.com\/borradorcomo-nos-afecta-el-covid-a-nuestra-salud-mental-automatico\/","url":"https:\/\/www.antoniaguerreropsicologia.com\/borradorcomo-nos-afecta-el-covid-a-nuestra-salud-mental-automatico\/","name":"Covid y salud mental - Antonia Guerrero","isPartOf":{"@id":"https:\/\/www.antoniaguerreropsicologia.com\/#website"},"datePublished":"2020-12-06T13:14:06+00:00","dateModified":"2020-12-06T13:14:09+00:00","description":"como nos afecta el covid a nuestra salud menta","breadcrumb":{"@id":"https:\/\/www.antoniaguerreropsicologia.com\/borradorcomo-nos-afecta-el-covid-a-nuestra-salud-mental-automatico\/#breadcrumb"},"inLanguage":"ca","potentialAction":[{"@type":"ReadAction","target":["https:\/\/www.antoniaguerreropsicologia.com\/borradorcomo-nos-afecta-el-covid-a-nuestra-salud-mental-automatico\/"]}]},{"@type":"BreadcrumbList","@id":"https:\/\/www.antoniaguerreropsicologia.com\/borradorcomo-nos-afecta-el-covid-a-nuestra-salud-mental-automatico\/#breadcrumb","itemListElement":[{"@type":"ListItem","position":1,"name":"Portada","item":"https:\/\/www.antoniaguerreropsicologia.com\/"},{"@type":"ListItem","position":2,"name":"Covid y salud mental"}]},{"@type":"WebSite","@id":"https:\/\/www.antoniaguerreropsicologia.com\/#website","url":"https:\/\/www.antoniaguerreropsicologia.com\/","name":"Antonia Guerrero Psicolog\u00eda","description":"Sesiones de Psicologia presencial y online","publisher":{"@id":"https:\/\/www.antoniaguerreropsicologia.com\/#\/schema\/person\/5fc64fb31ae35f3fced1bfc13c07d3f7"},"potentialAction":[{"@type":"SearchAction","target":{"@type":"EntryPoint","urlTemplate":"https:\/\/www.antoniaguerreropsicologia.com\/?s={search_term_string}"},"query-input":{"@type":"PropertyValueSpecification","valueRequired":true,"valueName":"search_term_string"}}],"inLanguage":"ca"},{"@type":["Person","Organization"],"@id":"https:\/\/www.antoniaguerreropsicologia.com\/#\/schema\/person\/5fc64fb31ae35f3fced1bfc13c07d3f7","name":"Ant\u00f2nia Guerrero","image":{"@type":"ImageObject","inLanguage":"ca","@id":"https:\/\/antoniaguerreropsicologia.com\/wp-content\/uploads\/2020\/05\/antonia3.jpg","url":"https:\/\/antoniaguerreropsicologia.com\/wp-content\/uploads\/2020\/05\/antonia3.jpg","contentUrl":"https:\/\/antoniaguerreropsicologia.com\/wp-content\/uploads\/2020\/05\/antonia3.jpg","width":700,"height":769,"caption":"Antonia Guerrero"},"logo":{"@id":"https:\/\/antoniaguerreropsicologia.com\/wp-content\/uploads\/2020\/05\/antonia3.jpg"}}]}},"featured_image_src":null,"featured_image_src_square":null,"author_info":{"display_name":"Antonia Guerrero","author_link":"https:\/\/www.antoniaguerreropsicologia.com\/ca\/author\/antonia\/"},"_links":{"self":[{"href":"https:\/\/www.antoniaguerreropsicologia.com\/ca\/wp-json\/wp\/v2\/posts\/1477","targetHints":{"allow":["GET"]}}],"collection":[{"href":"https:\/\/www.antoniaguerreropsicologia.com\/ca\/wp-json\/wp\/v2\/posts"}],"about":[{"href":"https:\/\/www.antoniaguerreropsicologia.com\/ca\/wp-json\/wp\/v2\/types\/post"}],"author":[{"embeddable":true,"href":"https:\/\/www.antoniaguerreropsicologia.com\/ca\/wp-json\/wp\/v2\/users\/3"}],"replies":[{"embeddable":true,"href":"https:\/\/www.antoniaguerreropsicologia.com\/ca\/wp-json\/wp\/v2\/comments?post=1477"}],"version-history":[{"count":1,"href":"https:\/\/www.antoniaguerreropsicologia.com\/ca\/wp-json\/wp\/v2\/posts\/1477\/revisions"}],"predecessor-version":[{"id":1478,"href":"https:\/\/www.antoniaguerreropsicologia.com\/ca\/wp-json\/wp\/v2\/posts\/1477\/revisions\/1478"}],"wp:attachment":[{"href":"https:\/\/www.antoniaguerreropsicologia.com\/ca\/wp-json\/wp\/v2\/media?parent=1477"}],"wp:term":[{"taxonomy":"category","embeddable":true,"href":"https:\/\/www.antoniaguerreropsicologia.com\/ca\/wp-json\/wp\/v2\/categories?post=1477"},{"taxonomy":"post_tag","embeddable":true,"href":"https:\/\/www.antoniaguerreropsicologia.com\/ca\/wp-json\/wp\/v2\/tags?post=1477"}],"curies":[{"name":"wp","href":"https:\/\/api.w.org\/{rel}","templated":true}]}}